{"id":208,"count":7,"description":"A Serra da Arr\u00e1bida, batizada \u201cSerra Mai\u201d pelo poeta Sebasti\u00e3o da Gama, nascido em Azeit\u00e3o em 1924, serve de inspira\u00e7\u00e3o \u00e0 imagem dos vinhos Serra M\u00e3e, da Sociedade Vin\u00edcola de Palmela. N\u00e3o \u00e9 apenas no fundo da paisagem que a serra se ergue, mas tamb\u00e9m nos r\u00f3tulos e, sobretudo, no conte\u00fado das garrafas, que revelam bem a origem.\r\n\r\nCom efeito, nos vinhedos a influ\u00eancia clim\u00e1tica da Serra da Arr\u00e1bida \u00e9 enorme, contribuindo decisivamente para a matura\u00e7\u00e3o equilibrada das uvas que colhemos. A gama de vinhos Serra M\u00e3e, composta por sete refer\u00eancias, \u00e9 elaborada a partir de diversas castas, brancas e tintas, com destaque nestas \u00faltimas para a cl\u00e1ssica Castel\u00e3o.\r\n\r\nDas vinhas mais antigas de Castel\u00e3o nasce o Serra M\u00e3e Reserva tinto.","link":"https:\/\/svp.wine\/en\/product-category\/serra-mae\/","name":"Serra M\u00e3e","slug":"serra-mae","taxonomy":"product_cat","parent":0,"meta":[],"menu_order":3,"_links":{"self":[{"href":"https:\/\/svp.wine\/en\/wp-json\/wp\/v2\/product_cat\/208","targetHints":{"allow":["GET"]}}],"collection":[{"href":"https:\/\/svp.wine\/en\/wp-json\/wp\/v2\/product_cat"}],"about":[{"href":"https:\/\/svp.wine\/en\/wp-json\/wp\/v2\/taxonomies\/product_cat"}],"wp:post_type":[{"href":"https:\/\/svp.wine\/en\/wp-json\/wp\/v2\/product?product_cat=208"}],"curies":[{"name":"wp","href":"https:\/\/api.w.org\/{rel}","templated":true}]}}