{"id":24718,"date":"2025-04-15T10:00:05","date_gmt":"2025-04-15T10:00:05","guid":{"rendered":"https:\/\/svp.wine\/?p=24718"},"modified":"2025-04-16T15:42:21","modified_gmt":"2025-04-16T15:42:21","slug":"colecao-exclusiva-de-vinhos-por-hugo-nascimento-e-luis-simoes","status":"publish","type":"post","link":"https:\/\/svp.wine\/en\/colecao-exclusiva-de-vinhos-por-hugo-nascimento-e-luis-simoes\/","title":{"rendered":"Do Naperon \u00e0 SVP: A Cole\u00e7\u00e3o Exclusiva de Vinhos por Hugo Nascimento e Lu\u00eds Sim\u00f5es"},"content":{"rendered":"<div style=\"text-align: justify;\">\r\n<p><strong>Na SVP | Sociedade Vin\u00edcola de Palmela acreditamos que o vinho \u00e9 parte essencial de qualquer viagem gastron\u00f3mica. E quando essa viagem \u00e9 guiada por um dos mais talentosos chefs da cozinha portuguesa contempor\u00e2nea, o desafio torna-se inspira\u00e7\u00e3o \u2014 e o resultado, uma verdadeira celebra\u00e7\u00e3o.<\/strong><\/p>\r\n\r\n<p>&nbsp;<\/p>\r\n<p><img loading=\"lazy\" decoding=\"async\" class=\"alignnone size-medium wp-image-24728\" src=\"https:\/\/svp.wine\/wp-content\/uploads\/2025\/04\/IMG_9331-e1744191900679-500x375.jpg\" alt=\"\" width=\"500\" height=\"375\" title=\"\" srcset=\"https:\/\/svp.wine\/wp-content\/uploads\/2025\/04\/IMG_9331-e1744191900679-500x375.jpg 500w, https:\/\/svp.wine\/wp-content\/uploads\/2025\/04\/IMG_9331-e1744191900679-768x576.jpg 768w, https:\/\/svp.wine\/wp-content\/uploads\/2025\/04\/IMG_9331-e1744191900679-16x12.jpg 16w, https:\/\/svp.wine\/wp-content\/uploads\/2025\/04\/IMG_9331-e1744191900679-600x450.jpg 600w, https:\/\/svp.wine\/wp-content\/uploads\/2025\/04\/IMG_9331-e1744191900679-64x48.jpg 64w, https:\/\/svp.wine\/wp-content\/uploads\/2025\/04\/IMG_9331-e1744191900679.jpg 810w\" sizes=\"auto, (max-width: 500px) 100vw, 500px\" \/><\/p>\r\n<p>&nbsp;<\/p>\r\n\r\n<p>\u00c9 com imenso orgulho que apresentamos os novos vinhos <strong>com assinatura do <a href=\"https:\/\/www.instagram.com\/_hugo_nascimento_\/\" target=\"_blank\" rel=\"noopener\">Chef Hugo Nascimento<\/a><\/strong>, criados em conjunto com <strong>o nosso en\u00f3logo Lu\u00eds Sim\u00f5es<\/strong>: uma cole\u00e7\u00e3o especial que expressa irrever\u00eancia, portugalidade e autenticidade \u2014 valores que partilhamos profundamente com o chef e a sua cozinha.<\/p>\r\n\r\n\r\n\r\n<blockquote class=\"wp-block-quote is-layout-flow wp-block-quote-is-layout-flow\">\r\n<p>&#8220;De Lisboa a Odeceixe fiz uma paragem em Palmela. Na adega desenhei um blend exclusivo com o Lu\u00eds Sim\u00f5es, um vinho que acredito vir impulsionar a nossa viagem gastron\u00f3mica. Irrever\u00eancia, autenticidade e portugalidade \u00e9 tudo o que vai encontrar dentro da garrafa. Divirtam-se e continua\u00e7\u00f5es de uma boa viagem.&#8221;\u2028<\/p>\r\n <cite>\u2014 Chef Hugo Nascimento<\/cite><\/blockquote>\r\n\r\n<h3>Tr\u00eas vinhos, uma identidade<\/h3>\r\n\r\n<p>Cada vinho reflete a criatividade e a eleg\u00e2ncia do <a href=\"https:\/\/www.instagram.com\/naperon.restaurante\/\" target=\"_blank\" rel=\"noopener\"><strong>Naperon<\/strong><\/a> \u2014 o restaurante de Hugo Nascimento em Odeceixe \u2014 agora premiado com <a href=\"https:\/\/www.guiarepsol.com\/pt\/fichas\/restaurante\/naperon-pt405028\/\" target=\"_blank\" rel=\"noopener\"><strong>1 Sol do Guia Repsol<\/strong><\/a>. Uma distin\u00e7\u00e3o mais do que merecida, que enche de orgulho toda a equipa da SVP por poder fazer parte deste percurso.<\/p>\r\n\r\n<ul style=\"list-style-type: none;\">\r\n<li style=\"padding-top: 16px;\"><strong>Vinho Tinto Reserva Castel\u00e3o<\/strong><br \/>De cor rubi intensa, este vinho revela aromas vegetais, bals\u00e2micos e fruta vermelha madura. Entra poderoso e profundo, com uma eleg\u00e2ncia que s\u00f3 um tinto nascido de vinhas velhas consegue transmitir.<\/li>\r\n<li style=\"padding-top: 16px;\"><strong>Vinho Branco Reserva Boal<\/strong><br \/>De cor amarelo palha, impressiona pelos aromas vegetais, florais e citrinos maduros. Fresco, profundo e extremamente elegante, \u00e9 uma viagem sensorial que come\u00e7a no nariz e termina com um sorriso.<\/li>\r\n<li style=\"padding-top: 16px;\"><strong>Espumante Mill\u00e9sime Brut Nature<\/strong><br \/>Elegante e vibrante, este espumante apresenta-se com aromas c\u00edtricos, florais e vegetais. Um convite ao brinde, \u00e0 celebra\u00e7\u00e3o e ao prazer de estar \u00e0 mesa.<\/li>\r\n<\/ul>\r\n<p>&nbsp;<\/p>\r\n<p><img loading=\"lazy\" decoding=\"async\" class=\"size-medium wp-image-24727 alignleft\" src=\"https:\/\/svp.wine\/wp-content\/uploads\/2025\/04\/IMG_9329-375x500.jpg\" alt=\"\" width=\"375\" height=\"500\" title=\"\" srcset=\"https:\/\/svp.wine\/wp-content\/uploads\/2025\/04\/IMG_9329-375x500.jpg 375w, https:\/\/svp.wine\/wp-content\/uploads\/2025\/04\/IMG_9329-768x1024.jpg 768w, https:\/\/svp.wine\/wp-content\/uploads\/2025\/04\/IMG_9329-9x12.jpg 9w, https:\/\/svp.wine\/wp-content\/uploads\/2025\/04\/IMG_9329-600x800.jpg 600w, https:\/\/svp.wine\/wp-content\/uploads\/2025\/04\/IMG_9329-64x85.jpg 64w, https:\/\/svp.wine\/wp-content\/uploads\/2025\/04\/IMG_9329.jpg 810w\" sizes=\"auto, (max-width: 375px) 100vw, 375px\" \/> <img loading=\"lazy\" decoding=\"async\" class=\"size-medium wp-image-24746 alignleft\" src=\"https:\/\/svp.wine\/wp-content\/uploads\/2025\/04\/IMG_9333-375x500.jpg\" alt=\"\" width=\"375\" height=\"500\" title=\"\" srcset=\"https:\/\/svp.wine\/wp-content\/uploads\/2025\/04\/IMG_9333-375x500.jpg 375w, https:\/\/svp.wine\/wp-content\/uploads\/2025\/04\/IMG_9333-768x1024.jpg 768w, https:\/\/svp.wine\/wp-content\/uploads\/2025\/04\/IMG_9333-9x12.jpg 9w, https:\/\/svp.wine\/wp-content\/uploads\/2025\/04\/IMG_9333-600x800.jpg 600w, https:\/\/svp.wine\/wp-content\/uploads\/2025\/04\/IMG_9333-64x85.jpg 64w, https:\/\/svp.wine\/wp-content\/uploads\/2025\/04\/IMG_9333.jpg 810w\" sizes=\"auto, (max-width: 375px) 100vw, 375px\" \/><\/p>\r\n<p>&nbsp;<\/p>\r\n<h3>Uma colabora\u00e7\u00e3o com sabor a futuro<\/h3>\r\n\r\n<p>O Chef Hugo Nascimento tem acompanhado a evolu\u00e7\u00e3o da SVP desde o in\u00edcio da sua transforma\u00e7\u00e3o. Esta cole\u00e7\u00e3o exclusiva representa mais do que um projeto v\u00ednico: \u00e9 um s\u00edmbolo de confian\u00e7a, partilha e vis\u00e3o comum.<\/p>\r\n\r\n\r\n\r\n<p>A toda a equipa do <a href=\"https:\/\/www.instagram.com\/naperon.restaurante\/\" target=\"_blank\" rel=\"noopener\"><strong>Naperon<\/strong><\/a>, os nossos parab\u00e9ns pela conquista no Guia Repsol. E ao <a href=\"https:\/\/www.instagram.com\/_hugo_nascimento_\/\" target=\"_blank\" rel=\"noopener\"><strong>Chef Hugo Nascimento<\/strong><\/a>, a nossa profunda admira\u00e7\u00e3o e agradecimento por nos permitir fazer parte do seu percurso. Criar vinhos consigo \u00e9, para n\u00f3s, uma honra e um privil\u00e9gio.<\/p>\r\n\r\n\r\n\r\n<p>Que esta viagem continue. Com mais irrever\u00eancia. Com mais portugalidade. Com mais vinho.<\/p>\r\n\r\n<p>&nbsp;<\/p>\r\n<h4>Referals\/Hiperliga\u00e7\u00f5es:<\/h4>\r\n<!-- \/wp:post-content -->\r\n<p><a style=\"color: #b79c49; text-decoration: underline;\" href=\"https:\/\/www.instagram.com\/naperon.restaurante\/\" target=\"_blank\" rel=\"noopener\">Siga o Naperon no Instragram <\/a><br \/><a style=\"color: #b79c49; text-decoration: underline;\" href=\"https:\/\/www.instagram.com\/_hugo_nascimento_\/\" target=\"_blank\" rel=\"noopener\">Siga o Chef Hugo Nascimento no Instagram<\/a><br \/><a style=\"color: #b79c49; text-decoration: underline;\" href=\"https:\/\/www.guiarepsol.com\/pt\/fichas\/restaurante\/naperon-pt405028\/\" target=\"_blank\" rel=\"noopener\">Consulte a p\u00e1gina do Naperon no Guia Repsol<\/a><\/p>\r\n<!-- \/wp:paragraph -->\r\n<p>&nbsp;<\/p>\r\n<p>&nbsp;<\/p>\r\n<p>&nbsp;<\/p>\r\n<p>&nbsp;<\/p>\r\n<\/div>","protected":false},"excerpt":{"rendered":"<p>Na SVP | Sociedade Vin\u00edcola de Palmela acreditamos que o vinho \u00e9 parte essencial de qualquer viagem gastron\u00f3mica. E quando essa viagem \u00e9 guiada por um dos mais talentosos chefs da cozinha portuguesa contempor\u00e2nea, o desafio torna-se inspira\u00e7\u00e3o \u2014 e o resultado, uma verdadeira celebra\u00e7\u00e3o. &nbsp; &nbsp; \u00c9 com imenso orgulho que apresentamos os novos&hellip;<\/p>","protected":false},"author":5,"featured_media":24728,"comment_status":"open","ping_status":"open","sticky":false,"template":"","format":"standard","meta":{"_joinchat":[],"footnotes":""},"categories":[240],"tags":[],"class_list":["post-24718","post","type-post","status-publish","format-standard","has-post-thumbnail","hentry","category-vinhos"],"_links":{"self":[{"href":"https:\/\/svp.wine\/en\/wp-json\/wp\/v2\/posts\/24718","targetHints":{"allow":["GET"]}}],"collection":[{"href":"https:\/\/svp.wine\/en\/wp-json\/wp\/v2\/posts"}],"about":[{"href":"https:\/\/svp.wine\/en\/wp-json\/wp\/v2\/types\/post"}],"author":[{"embeddable":true,"href":"https:\/\/svp.wine\/en\/wp-json\/wp\/v2\/users\/5"}],"replies":[{"embeddable":true,"href":"https:\/\/svp.wine\/en\/wp-json\/wp\/v2\/comments?post=24718"}],"version-history":[{"count":25,"href":"https:\/\/svp.wine\/en\/wp-json\/wp\/v2\/posts\/24718\/revisions"}],"predecessor-version":[{"id":24813,"href":"https:\/\/svp.wine\/en\/wp-json\/wp\/v2\/posts\/24718\/revisions\/24813"}],"wp:featuredmedia":[{"embeddable":true,"href":"https:\/\/svp.wine\/en\/wp-json\/wp\/v2\/media\/24728"}],"wp:attachment":[{"href":"https:\/\/svp.wine\/en\/wp-json\/wp\/v2\/media?parent=24718"}],"wp:term":[{"taxonomy":"category","embeddable":true,"href":"https:\/\/svp.wine\/en\/wp-json\/wp\/v2\/categories?post=24718"},{"taxonomy":"post_tag","embeddable":true,"href":"https:\/\/svp.wine\/en\/wp-json\/wp\/v2\/tags?post=24718"}],"curies":[{"name":"wp","href":"https:\/\/api.w.org\/{rel}","templated":true}]}}