{"id":23862,"date":"2023-02-24T13:21:00","date_gmt":"2023-02-24T13:21:00","guid":{"rendered":"https:\/\/svp.wine\/?p=23862"},"modified":"2024-03-14T19:38:06","modified_gmt":"2024-03-14T19:38:06","slug":"sociedade-vinicola-de-palmela","status":"publish","type":"post","link":"https:\/\/svp.wine\/en\/sociedade-vinicola-de-palmela\/","title":{"rendered":"Sociedade Vin\u00edcola de Palmela embraced by Serra M\u00e3e"},"content":{"rendered":"<p>Sociedade Vin\u00edcola de Palmela was born in 1964. At that time, and until the late 1980s, the region was populated by two types of companies: some were family-owned, such as Jos\u00e9 Maria da Fonseca or Bacalh\u00f4a (then J.P. Vinhos), there were two cooperative wineries, and many wholesalers, some of them with their own brands.<\/p>\r\n\r\n\r\n\r\n<p>In the area, there were also many producers, some of them large in size, but they barely bottled anything, selling bulk wine to the wholesalers. We only heard about them when the results of the famous wine competitions were announced (wines from the latest harvest), events promoted by the Institute of Vine and Wine.<\/p>\r\n\r\n\r\n\r\n<p>Despite the many medals that the wines received back then, the truth is that these wines ended up in the blends made by the wholesalers, and we never heard about the producers again. The situation changed, fortunately for the better: today we have a significant number of producers with their own brands, and the wines and those who make them have gained deserved prominence.<\/p>\r\n\r\n\r\n\r\n<figure class=\"wp-block-image aligncenter size-full is-resized\"><img loading=\"lazy\" decoding=\"async\" class=\"wp-image-23863\" style=\"width: 492px; height: 656px;\" src=\"https:\/\/svp.wine\/wp-content\/uploads\/2023\/09\/Vasco-Guerreiro-_v2-scaled-1-edited.jpg\" alt=\"\" width=\"492\" height=\"656\" title=\"\" srcset=\"https:\/\/svp.wine\/wp-content\/uploads\/2023\/09\/Vasco-Guerreiro-_v2-scaled-1-edited.jpg 720w, https:\/\/svp.wine\/wp-content\/uploads\/2023\/09\/Vasco-Guerreiro-_v2-scaled-1-edited-375x500.jpg 375w, https:\/\/svp.wine\/wp-content\/uploads\/2023\/09\/Vasco-Guerreiro-_v2-scaled-1-edited-600x800.jpg 600w, https:\/\/svp.wine\/wp-content\/uploads\/2023\/09\/Vasco-Guerreiro-_v2-scaled-1-edited-64x85.jpg 64w\" sizes=\"auto, (max-width: 492px) 100vw, 492px\" \/><\/figure>\r\n\r\n\r\n\r\n<p>Sociedade Vin\u00edcola de Palmela (SVP) is thus a protagonist of this wave, especially since it has been led by new investors, notably Vasco Guerreiro, a businessman long associated with wine distribution, now CEO of the company, maintaining the core constituted by the family of Filipe Cardoso (Quinta do Piloto), winemaker and owner of many hectares of vineyards in the region, and Lu\u00eds Sim\u00f5es, also linked to the historic family of winegrowers from Palmela, now Deputy General Director of SVP.<\/p>\r\n\r\n\r\n\r\n<p>The winemaking is in the hands of Jos\u00e9 Caninhas, resident technician, with the support of Filipe Cardoso. With the abundance of vineyards and grapes at its disposal, the company has all the conditions to increase its production quantities, provided the market responds in terms of demand.<\/p>\r\n\r\n\r\n\r\n<figure class=\"wp-block-image aligncenter size-full\"><img loading=\"lazy\" decoding=\"async\" width=\"1080\" height=\"1080\" class=\"wp-image-23864\" src=\"https:\/\/svp.wine\/wp-content\/uploads\/2023\/09\/ce1b8d9-114541-revista_04.jpg\" alt=\"\" title=\"\" srcset=\"https:\/\/svp.wine\/wp-content\/uploads\/2023\/09\/ce1b8d9-114541-revista_04.jpg 1080w, https:\/\/svp.wine\/wp-content\/uploads\/2023\/09\/ce1b8d9-114541-revista_04-500x500.jpg 500w, https:\/\/svp.wine\/wp-content\/uploads\/2023\/09\/ce1b8d9-114541-revista_04-300x300.jpg 300w, https:\/\/svp.wine\/wp-content\/uploads\/2023\/09\/ce1b8d9-114541-revista_04-768x768.jpg 768w, https:\/\/svp.wine\/wp-content\/uploads\/2023\/09\/ce1b8d9-114541-revista_04-600x600.jpg 600w, https:\/\/svp.wine\/wp-content\/uploads\/2023\/09\/ce1b8d9-114541-revista_04-100x100.jpg 100w, https:\/\/svp.wine\/wp-content\/uploads\/2023\/09\/ce1b8d9-114541-revista_04-64x64.jpg 64w\" sizes=\"auto, (max-width: 1080px) 100vw, 1080px\" \/><\/figure>\r\n\r\n\r\n\r\n<p>That's exactly what I mentioned to Filipe Cardoso at the end of the presentation: congratulations on the wines and their quality, my regret for the limited quantities, considering the 200 hectares of vineyards that the company operates. In this vineyard area, there are 30 hectares of white grapes, including 5 hectares of Arinto, the variety used for the Serra M\u00e3e Reserva Branco. The name of the wine is a tribute to Sebasti\u00e3o da Gama, writer and poet who \"sang\" the mountain, the land where he lived.<\/p>\r\n\r\n\r\n\r\n<p>In addition to the range now presented, the company has released a Fern\u00e3o Pires white called Botelharia, already noted here in a previous presentation, and which, being from the 1999 harvest, aged many years in the bottle. This first edition was almost accidental: \"the wine was almost forgotten.\" Regarding a possible next edition, we were told that probably in 2005 there might be one, \"and anyway, now we are always keeping wines for the possibility of launching them much later,\" revealed Filipe.<\/p>\r\n\r\n\r\n\r\n<p>The 2021 Serra M\u00e3e white was previously named Arr\u00e1bida, then one of the two sub-regions of Set\u00fabal, the other being Palmela. In the reds, they had an Arr\u00e1bida from 1995 to 97, but then everything switched to Palmela denomination, which remains until today. The first edition of this white was made 4 years ago, always based on the Arinto grape, highly appreciated in this company. The oldest vineyards of this variety are now 70 to 80 years old, they produce little \u2013 3 tons\/ha \u2013 but the wines have a lot of character.<\/p>\r\n\r\n\r\n\r\n<p>As for the Grande Reserva white, it incorporates Fern\u00e3o Pires, Arinto, and S\u00edria and is being produced for the first time; it has aged in barrels and has been bottled since August. The red is based, as tradition dictates in the region, on Castel\u00e3o, which, they tell us, \"confers a lot of elegance to the wines and is a passion of the people at home.\" This red is a very good representative of the Castel\u00e3o from the sandy soils, where currently the best wines of this iconic variety come from. In the case of the Grande Reserva red, the Cabernet Sauvignon that joins the Castel\u00e3o works especially well and brings joy to the wine, so it seems to me to be a good option.<\/p>\r\n\r\n\r\n\r\n<p>Having Moscatel in the portfolio is natural for the company, given its history and the region's. But the quantities now presented are so limited that it will be difficult for consumers to access these wines, although Sociedade Vin\u00edcola de Palmela affirms that all wines are available in its online store. These are wines of enormous character, very aromatic, with sweetness well evident, as is usual in the aged Moscatels of the region.<\/p>\r\n\r\n\r\n\r\n<p>During the presentation of the novelties, we revisited the Botelharia white 2009, made with Fern\u00e3o Pires and Arinto, which is on the market at a price around \u20ac45. It continues to be in very good health, this type of wine that has already<\/p>","protected":false},"excerpt":{"rendered":"<p>Sociedade Vin\u00edcola de Palmela was born in 1964. At that time, and until the late 1980s, the region was populated by two types of companies: some were family-owned, such as Jos\u00e9 Maria da Fonseca or Bacalh\u00f4a (then J.P. Vinhos), there were two cooperative wineries, and many wholesalers, some of them with their own brands.<\/p>","protected":false},"author":1,"featured_media":23747,"comment_status":"open","ping_status":"open","sticky":false,"template":"","format":"standard","meta":{"_joinchat":[],"footnotes":""},"categories":[240],"tags":[],"class_list":["post-23862","post","type-post","status-publish","format-standard","has-post-thumbnail","hentry","category-vinhos"],"_links":{"self":[{"href":"https:\/\/svp.wine\/en\/wp-json\/wp\/v2\/posts\/23862","targetHints":{"allow":["GET"]}}],"collection":[{"href":"https:\/\/svp.wine\/en\/wp-json\/wp\/v2\/posts"}],"about":[{"href":"https:\/\/svp.wine\/en\/wp-json\/wp\/v2\/types\/post"}],"author":[{"embeddable":true,"href":"https:\/\/svp.wine\/en\/wp-json\/wp\/v2\/users\/1"}],"replies":[{"embeddable":true,"href":"https:\/\/svp.wine\/en\/wp-json\/wp\/v2\/comments?post=23862"}],"version-history":[{"count":1,"href":"https:\/\/svp.wine\/en\/wp-json\/wp\/v2\/posts\/23862\/revisions"}],"predecessor-version":[{"id":24536,"href":"https:\/\/svp.wine\/en\/wp-json\/wp\/v2\/posts\/23862\/revisions\/24536"}],"wp:featuredmedia":[{"embeddable":true,"href":"https:\/\/svp.wine\/en\/wp-json\/wp\/v2\/media\/23747"}],"wp:attachment":[{"href":"https:\/\/svp.wine\/en\/wp-json\/wp\/v2\/media?parent=23862"}],"wp:term":[{"taxonomy":"category","embeddable":true,"href":"https:\/\/svp.wine\/en\/wp-json\/wp\/v2\/categories?post=23862"},{"taxonomy":"post_tag","embeddable":true,"href":"https:\/\/svp.wine\/en\/wp-json\/wp\/v2\/tags?post=23862"}],"curies":[{"name":"wp","href":"https:\/\/api.w.org\/{rel}","templated":true}]}}